{"id":399,"date":"2024-08-19T10:38:31","date_gmt":"2024-08-19T09:38:31","guid":{"rendered":"https:\/\/xn--ortopediaortoespaa-30b.es\/blog\/?p=399"},"modified":"2024-08-20T07:19:05","modified_gmt":"2024-08-20T06:19:05","slug":"espacio-minimo-silla-salvaescaleras","status":"publish","type":"post","link":"https:\/\/xn--ortopediaortoespaa-30b.es\/blog\/espacio-minimo-silla-salvaescaleras\/","title":{"rendered":"Espacio m\u00ednimo para una silla salvaescaleras"},"content":{"rendered":"\n<h2><span style=\"font-weight: 400;\">\u00bfCu\u00e1l es la medida m\u00ednima para una silla salvaescaleras?<\/span><\/h2>\n<p>Antes de hablar del espacio m\u00ednimo para una silla salvaescaleras, nuestra recomendaci\u00f3n es definir los usuarios a quienes van destinadas las sillas salvaescaleras. <strong>Una silla salvaescaleras est\u00e1 pensada para personas con movilidad reducida, las cuales por circunstancias de su enfermedad o de su edad, no pueden subir escaleras de forma aut\u00f3noma.<\/strong><\/p>\n<p>Colocar una silla salvaescaleras (plegable o no), supone por lo general una <strong>gran mejora en la calidad de vida del usuario<\/strong> y de las personas que viven o cuidan de ella.<\/p>\n<p>Adem\u00e1s de esto, es conveniente destacar que en la normativa de accesibilidad a edificios (Directiva del Parlamento Europeo 2006\/42\/CE) est\u00e1n recopiladas las medidas y el reglamento, con car\u00e1cter general, de estos dispositivos, de su uso y funcionamiento.<\/p>\n<p>Estas medidas, por lo general, hacen referencia a plataformas elevadoras de sillas de ruedas en comunidades de vecinos y otros espacios p\u00fablicos. Dichas medidas pueden ser \u00fatiles para orientar al cliente a la hora de comprar el modelo que m\u00e1s se adapta a sus necesidades. <\/p>\n<h2><span style=\"font-weight: 400;\">\u00bfCu\u00e1l es el espacio m\u00ednimo para una sillas salvaescaleras?<\/span><\/h2>\n<p>Seg\u00fan la normativa mencionada anteriormente, <strong>el espacio m\u00ednimo<\/strong> que puede ocupar una plataforma o silla salvaescaleras, en lugares donde esta se aplique, <strong>es 30-40cm<\/strong>. Aun as\u00ed, cuando se trata de plataformas que transportan usuarios en sillas de ruedas, las medidas aumentan hasta 80cm de ancho y 100cm de largo.<\/p>\n<p><strong>Estas medidas resultan \u00fatiles cuando es necesario hacer adaptaciones pertinentes en una comunidad de vecinos o en cualquier otro espacio p\u00fablico con escaleras.<\/strong><\/p>\n<p><strong>Las medidas m\u00ednimas se ven alteradas por diversos factores<\/strong>. En primer lugar, si est\u00e1 fijada a la pared o a los escalones, y tambi\u00e9n depende del espacio que necesita para realizar las curvas con seguridad si las hubiera.<\/p>\n<p>Finalmente, es importante destacar que, en lugares donde no haga falta cumplir con la normativa, como <strong>en el domicilio privado, podemos encontrar que el espacio m\u00ednimo para una silla salvaescaleras puede verse modificado.<\/strong> Este especio depender\u00e1 de las condiciones del pasillo, las escaleras, el punto de anclaje, el tipo de silla, etc.<\/p>\n<a class=\"synved-social-button synved-social-button-share synved-social-size-48 synved-social-resolution-single synved-social-provider-facebook nolightbox\" data-provider=\"facebook\" target=\"_blank\" rel=\"nofollow\" title=\"Compartir en Facebook\" href=\"https:\/\/www.facebook.com\/sharer.php?u=https%3A%2F%2Fxn--ortopediaortoespaa-30b.es%2Fblog%2Fwp-json%2Fwp%2Fv2%2Fposts%2F399&#038;t=Espacio%20m%C3%ADnimo%20para%20una%20silla%20salvaescaleras&#038;s=100&#038;p&#091;url&#093;=https%3A%2F%2Fxn--ortopediaortoespaa-30b.es%2Fblog%2Fwp-json%2Fwp%2Fv2%2Fposts%2F399&#038;p&#091;images&#093;&#091;0&#093;=https%3A%2F%2Fxn--ortopediaortoespaa-30b.es%2Fblog%2Fwp-content%2Fuploads%2F2022%2F01%2Fespacio-minimo-para-una-silla-salvaescaleras-02.png&#038;p&#091;title&#093;=Espacio%20m%C3%ADnimo%20para%20una%20silla%20salvaescaleras\" style=\"font-size: 0px;width:48px;height:48px;margin:0;margin-bottom:5px;margin-right:5px\"><img loading=\"lazy\" decoding=\"async\" alt=\"Facebook\" title=\"Compartir en Facebook\" class=\"synved-share-image synved-social-image synved-social-image-share\" width=\"48\" height=\"48\" style=\"display: inline;width:48px;height:48px;margin: 0;padding: 0;border: none;box-shadow: none\" src=\"https:\/\/xn--ortopediaortoespaa-30b.es\/blog\/wp-content\/plugins\/social-media-feather\/synved-social\/image\/social\/regular\/96x96\/facebook.png\" \/><\/a><a class=\"synved-social-button synved-social-button-share synved-social-size-48 synved-social-resolution-single synved-social-provider-twitter nolightbox\" data-provider=\"twitter\" target=\"_blank\" rel=\"nofollow\" title=\"Comparte en Twitter\" href=\"https:\/\/twitter.com\/intent\/tweet?url=https%3A%2F%2Fxn--ortopediaortoespaa-30b.es%2Fblog%2Fwp-json%2Fwp%2Fv2%2Fposts%2F399&#038;text=Hey%21%20Si%20te%20ha%20gustado%2C%20comp%C3%A1rtelo%21\" style=\"font-size: 0px;width:48px;height:48px;margin:0;margin-bottom:5px;margin-right:5px\"><img loading=\"lazy\" decoding=\"async\" alt=\"twitter\" title=\"Comparte en Twitter\" class=\"synved-share-image synved-social-image synved-social-image-share\" width=\"48\" height=\"48\" style=\"display: inline;width:48px;height:48px;margin: 0;padding: 0;border: none;box-shadow: none\" src=\"https:\/\/xn--ortopediaortoespaa-30b.es\/blog\/wp-content\/plugins\/social-media-feather\/synved-social\/image\/social\/regular\/96x96\/twitter.png\" \/><\/a><a class=\"synved-social-button synved-social-button-share synved-social-size-48 synved-social-resolution-single synved-social-provider-reddit nolightbox\" data-provider=\"reddit\" target=\"_blank\" rel=\"nofollow\" title=\"Share on Reddit\" href=\"https:\/\/www.reddit.com\/submit?url=https%3A%2F%2Fxn--ortopediaortoespaa-30b.es%2Fblog%2Fwp-json%2Fwp%2Fv2%2Fposts%2F399&#038;title=Espacio%20m%C3%ADnimo%20para%20una%20silla%20salvaescaleras\" style=\"font-size: 0px;width:48px;height:48px;margin:0;margin-bottom:5px;margin-right:5px\"><img loading=\"lazy\" decoding=\"async\" alt=\"reddit\" title=\"Share on Reddit\" class=\"synved-share-image synved-social-image synved-social-image-share\" width=\"48\" height=\"48\" style=\"display: inline;width:48px;height:48px;margin: 0;padding: 0;border: none;box-shadow: none\" src=\"https:\/\/xn--ortopediaortoespaa-30b.es\/blog\/wp-content\/plugins\/social-media-feather\/synved-social\/image\/social\/regular\/96x96\/reddit.png\" \/><\/a><a class=\"synved-social-button synved-social-button-share synved-social-size-48 synved-social-resolution-single synved-social-provider-pinterest nolightbox\" data-provider=\"pinterest\" target=\"_blank\" rel=\"nofollow\" title=\"Pin it with Pinterest\" href=\"https:\/\/pinterest.com\/pin\/create\/button\/?url=https%3A%2F%2Fxn--ortopediaortoespaa-30b.es%2Fblog%2Fwp-json%2Fwp%2Fv2%2Fposts%2F399&#038;media=https%3A%2F%2Fxn--ortopediaortoespaa-30b.es%2Fblog%2Fwp-content%2Fuploads%2F2022%2F01%2Fespacio-minimo-para-una-silla-salvaescaleras-02.png&#038;description=Espacio%20m%C3%ADnimo%20para%20una%20silla%20salvaescaleras\" style=\"font-size: 0px;width:48px;height:48px;margin:0;margin-bottom:5px;margin-right:5px\"><img loading=\"lazy\" decoding=\"async\" alt=\"pinterest\" title=\"Pin it with Pinterest\" class=\"synved-share-image synved-social-image synved-social-image-share\" width=\"48\" height=\"48\" style=\"display: inline;width:48px;height:48px;margin: 0;padding: 0;border: none;box-shadow: none\" src=\"https:\/\/xn--ortopediaortoespaa-30b.es\/blog\/wp-content\/plugins\/social-media-feather\/synved-social\/image\/social\/regular\/96x96\/pinterest.png\" \/><\/a><a class=\"synved-social-button synved-social-button-share synved-social-size-48 synved-social-resolution-single synved-social-provider-linkedin nolightbox\" data-provider=\"linkedin\" target=\"_blank\" rel=\"nofollow\" title=\"Share on Linkedin\" href=\"https:\/\/www.linkedin.com\/shareArticle?mini=true&#038;url=https%3A%2F%2Fxn--ortopediaortoespaa-30b.es%2Fblog%2Fwp-json%2Fwp%2Fv2%2Fposts%2F399&#038;title=Espacio%20m%C3%ADnimo%20para%20una%20silla%20salvaescaleras\" style=\"font-size: 0px;width:48px;height:48px;margin:0;margin-bottom:5px;margin-right:5px\"><img loading=\"lazy\" decoding=\"async\" alt=\"linkedin\" title=\"Share on Linkedin\" class=\"synved-share-image synved-social-image synved-social-image-share\" width=\"48\" height=\"48\" style=\"display: inline;width:48px;height:48px;margin: 0;padding: 0;border: none;box-shadow: none\" src=\"https:\/\/xn--ortopediaortoespaa-30b.es\/blog\/wp-content\/plugins\/social-media-feather\/synved-social\/image\/social\/regular\/96x96\/linkedin.png\" \/><\/a><a class=\"synved-social-button synved-social-button-share synved-social-size-48 synved-social-resolution-single synved-social-provider-mail nolightbox\" data-provider=\"mail\" rel=\"nofollow\" title=\"Share by email\" href=\"mailto:?subject=Espacio%20m%C3%ADnimo%20para%20una%20silla%20salvaescaleras&#038;body=Hey%21%20Si%20te%20ha%20gustado%2C%20comp%C3%A1rtelo%21:%20https%3A%2F%2Fxn--ortopediaortoespaa-30b.es%2Fblog%2Fwp-json%2Fwp%2Fv2%2Fposts%2F399\" style=\"font-size: 0px;width:48px;height:48px;margin:0;margin-bottom:5px\"><img loading=\"lazy\" decoding=\"async\" alt=\"mail\" title=\"Share by email\" class=\"synved-share-image synved-social-image synved-social-image-share\" width=\"48\" height=\"48\" style=\"display: inline;width:48px;height:48px;margin: 0;padding: 0;border: none;box-shadow: none\" src=\"https:\/\/xn--ortopediaortoespaa-30b.es\/blog\/wp-content\/plugins\/social-media-feather\/synved-social\/image\/social\/regular\/96x96\/mail.png\" \/><\/a><div class=\"sharedaddy sd-sharing-enabled\"><div class=\"robots-nocontent sd-block sd-social sd-social-icon-text sd-sharing\"><h3 class=\"sd-title\">Comparte esto:<\/h3><div class=\"sd-content\"><ul><li class=\"share-twitter\"><a rel=\"nofollow noopener noreferrer\" data-shared=\"sharing-twitter-399\" class=\"share-twitter sd-button share-icon\" href=\"https:\/\/xn--ortopediaortoespaa-30b.es\/blog\/espacio-minimo-silla-salvaescaleras\/?share=twitter\" target=\"_blank\" title=\"Haz clic para compartir en Twitter\"><span>Twitter<\/span><\/a><\/li><li class=\"share-facebook\"><a rel=\"nofollow noopener noreferrer\" data-shared=\"sharing-facebook-399\" class=\"share-facebook sd-button share-icon\" href=\"https:\/\/xn--ortopediaortoespaa-30b.es\/blog\/espacio-minimo-silla-salvaescaleras\/?share=facebook\" target=\"_blank\" title=\"Haz clic para compartir en Facebook\"><span>Facebook<\/span><\/a><\/li><li class=\"share-end\"><\/li><\/ul><\/div><\/div><\/div>","protected":false},"excerpt":{"rendered":"<p>\u00bfCu\u00e1l es la medida m\u00ednima para una silla salvaescaleras? Antes de hablar del espacio m\u00ednimo para una silla salvaescaleras, nuestra recomendaci\u00f3n es definir los usuarios a quienes van destinadas las sillas salvaescaleras. Una silla salvaescaleras&#8230;<\/p>\n<div class=\"sharedaddy sd-sharing-enabled\"><div class=\"robots-nocontent sd-block sd-social sd-social-icon-text sd-sharing\"><h3 class=\"sd-title\">Comparte esto:<\/h3><div class=\"sd-content\"><ul><li class=\"share-twitter\"><a rel=\"nofollow noopener noreferrer\" data-shared=\"sharing-twitter-399\" class=\"share-twitter sd-button share-icon\" href=\"https:\/\/xn--ortopediaortoespaa-30b.es\/blog\/espacio-minimo-silla-salvaescaleras\/?share=twitter\" target=\"_blank\" title=\"Haz clic para compartir en Twitter\"><span>Twitter<\/span><\/a><\/li><li class=\"share-facebook\"><a rel=\"nofollow noopener noreferrer\" data-shared=\"sharing-facebook-399\" class=\"share-facebook sd-button share-icon\" href=\"https:\/\/xn--ortopediaortoespaa-30b.es\/blog\/espacio-minimo-silla-salvaescaleras\/?share=facebook\" target=\"_blank\" title=\"Haz clic para compartir en Facebook\"><span>Facebook<\/span><\/a><\/li><li class=\"share-end\"><\/li><\/ul><\/div><\/div><\/div>","protected":false},"author":3,"featured_media":402,"comment_status":"closed","ping_status":"open","sticky":false,"template":"","format":"standard","meta":{"spay_email":"","footnotes":"","jetpack_publicize_message":"","jetpack_is_tweetstorm":false},"categories":[103],"tags":[104],"class_list":["post-399","post","type-post","status-publish","format-standard","has-post-thumbnail","hentry","category-salvaescaleras","tag-salvaescaleras"],"jetpack_featured_media_url":"https:\/\/xn--ortopediaortoespaa-30b.es\/blog\/wp-content\/uploads\/2022\/01\/espacio-minimo-para-una-silla-salvaescaleras-02.png","jetpack_publicize_connections":[],"jetpack_sharing_enabled":true,"jetpack_shortlink":"https:\/\/wp.me\/p5K3LG-6r","_links":{"self":[{"href":"https:\/\/xn--ortopediaortoespaa-30b.es\/blog\/wp-json\/wp\/v2\/posts\/399","targetHints":{"allow":["GET"]}}],"collection":[{"href":"https:\/\/xn--ortopediaortoespaa-30b.es\/blog\/wp-json\/wp\/v2\/posts"}],"about":[{"href":"https:\/\/xn--ortopediaortoespaa-30b.es\/blog\/wp-json\/wp\/v2\/types\/post"}],"author":[{"embeddable":true,"href":"https:\/\/xn--ortopediaortoespaa-30b.es\/blog\/wp-json\/wp\/v2\/users\/3"}],"replies":[{"embeddable":true,"href":"https:\/\/xn--ortopediaortoespaa-30b.es\/blog\/wp-json\/wp\/v2\/comments?post=399"}],"version-history":[{"count":2,"href":"https:\/\/xn--ortopediaortoespaa-30b.es\/blog\/wp-json\/wp\/v2\/posts\/399\/revisions"}],"predecessor-version":[{"id":624,"href":"https:\/\/xn--ortopediaortoespaa-30b.es\/blog\/wp-json\/wp\/v2\/posts\/399\/revisions\/624"}],"wp:featuredmedia":[{"embeddable":true,"href":"https:\/\/xn--ortopediaortoespaa-30b.es\/blog\/wp-json\/wp\/v2\/media\/402"}],"wp:attachment":[{"href":"https:\/\/xn--ortopediaortoespaa-30b.es\/blog\/wp-json\/wp\/v2\/media?parent=399"}],"wp:term":[{"taxonomy":"category","embeddable":true,"href":"https:\/\/xn--ortopediaortoespaa-30b.es\/blog\/wp-json\/wp\/v2\/categories?post=399"},{"taxonomy":"post_tag","embeddable":true,"href":"https:\/\/xn--ortopediaortoespaa-30b.es\/blog\/wp-json\/wp\/v2\/tags?post=399"}],"curies":[{"name":"wp","href":"https:\/\/api.w.org\/{rel}","templated":true}]}}